{"id":26595,"date":"2026-03-08T07:00:00","date_gmt":"2026-03-08T10:00:00","guid":{"rendered":"https:\/\/grupoix.com.br\/blog\/?p=26595"},"modified":"2026-02-19T10:26:57","modified_gmt":"2026-02-19T13:26:57","slug":"conteudo-organico-morreu-como-marcas-estao-crescendo-nas-redes-sociais-em-2026","status":"publish","type":"post","link":"https:\/\/grupoix.com.br\/blog\/2026\/03\/08\/conteudo-organico-morreu-como-marcas-estao-crescendo-nas-redes-sociais-em-2026\/","title":{"rendered":"Conte\u00fado org\u00e2nico morreu? Como marcas est\u00e3o crescendo nas redes sociais em 2026"},"content":{"rendered":"\n<div class=\"wp-block-media-text is-stacked-on-mobile\"><figure class=\"wp-block-media-text__media\"><img loading=\"lazy\" decoding=\"async\" width=\"464\" height=\"399\" src=\"https:\/\/grupoix.com.br\/blog\/wp-content\/uploads\/2026\/02\/conteudo_organico.png\" alt=\"\" class=\"wp-image-26596 size-full\" srcset=\"https:\/\/grupoix.com.br\/blog\/wp-content\/uploads\/2026\/02\/conteudo_organico.png 464w, https:\/\/grupoix.com.br\/blog\/wp-content\/uploads\/2026\/02\/conteudo_organico-300x258.png 300w, https:\/\/grupoix.com.br\/blog\/wp-content\/uploads\/2026\/02\/conteudo_organico-432x371.png 432w\" sizes=\"auto, (max-width: 464px) 100vw, 464px\" \/><\/figure><div class=\"wp-block-media-text__content\">\n<p>Hoje, muitas empresas acreditam que o <strong>conte\u00fado org\u00e2nico morreu<\/strong>. Atualmente, com algoritmos cada vez mais exigentes, concorr\u00eancia alta e o crescimento dos an\u00fancios pagos, essa sensa\u00e7\u00e3o \u00e9 comum. Por\u00e9m, a realidade de 2026 mostra outro cen\u00e1rio: o org\u00e2nico n\u00e3o acabou, ele <strong>mudou de papel<\/strong>.<\/p>\n<\/div><\/div>\n\n\n\n<p>Nesse contexto, marcas que entendem como as redes sociais funcionam hoje est\u00e3o crescendo sem depender exclusivamente de m\u00eddia paga. Enquanto isso, quem insiste em estrat\u00e9gias antigas continua frustrado com baixo alcance.<\/p>\n\n\n\n<hr class=\"wp-block-separator has-alpha-channel-opacity\"\/>\n\n\n\n<h3 class=\"wp-block-heading\">Primeiramente: por que surgiu a ideia de que o org\u00e2nico morreu?<\/h3>\n\n\n\n<p>Antes de tudo, \u00e9 importante entender de onde vem essa obje\u00e7\u00e3o. Durante anos, o alcance org\u00e2nico foi f\u00e1cil. Com o tempo, os algoritmos passaram a <strong>priorizar reten\u00e7\u00e3o, tempo de tela e comportamento do usu\u00e1rio<\/strong>.<\/p>\n\n\n\n<p>Como resultado, conte\u00fados gen\u00e9ricos perderam entrega. Assim, muitas marcas confundiram mudan\u00e7a com fim.<\/p>\n\n\n\n<p>Na pr\u00e1tica, o org\u00e2nico <strong>deixou de ser volume e passou a ser estrat\u00e9gia<\/strong>.<\/p>\n\n\n\n<hr class=\"wp-block-separator has-alpha-channel-opacity\"\/>\n\n\n\n<h3 class=\"wp-block-heading\">Em seguida: o que mudou no conte\u00fado org\u00e2nico em 2026?<\/h3>\n\n\n\n<p>Atualmente, as redes sociais analisam sinais muito mais profundos do que curtidas. Hoje, o que realmente importa \u00e9:<\/p>\n\n\n\n<ul class=\"wp-block-list\">\n<li><strong>Reten\u00e7\u00e3o nos primeiros segundos<\/strong><\/li>\n\n\n\n<li><strong>Tempo de visualiza\u00e7\u00e3o<\/strong><\/li>\n\n\n\n<li><strong>Replays<\/strong><\/li>\n\n\n\n<li><strong>Intera\u00e7\u00f5es reais<\/strong><\/li>\n\n\n\n<li><strong>Contexto do conte\u00fado<\/strong><\/li>\n<\/ul>\n\n\n\n<p>Ou seja, o algoritmo entrega o que prende aten\u00e7\u00e3o, n\u00e3o o que apenas aparece no feed.<\/p>\n\n\n\n<hr class=\"wp-block-separator has-alpha-channel-opacity\"\/>\n\n\n\n<h3 class=\"wp-block-heading\">Logo depois: como marcas est\u00e3o crescendo sem depender de an\u00fancios?<\/h3>\n\n\n\n<p>Hoje, marcas que crescem no org\u00e2nico fazem tr\u00eas coisas muito bem.<\/p>\n\n\n\n<p>Primeiramente, <strong>criam conte\u00fado pensando no usu\u00e1rio<\/strong>, n\u00e3o na plataforma.<br>Depois, produzem<strong> v\u00eddeos curtos com ganchos claros e mensagem objetiva<\/strong>.<br>Por fim, <strong>mant\u00eam consist\u00eancia estrat\u00e9gica<\/strong>, n\u00e3o apenas frequ\u00eancia.<\/p>\n\n\n\n<p>No Brasil, empresas que adotaram esse modelo cresceram principalmente no Instagram e TikTok, mesmo com perfis pequenos.<\/p>\n\n\n\n<hr class=\"wp-block-separator has-alpha-channel-opacity\"\/>\n\n\n\n<h3 class=\"wp-block-heading\">Al\u00e9m disso: posicionamento virou o maior diferencial<\/h3>\n\n\n\n<p>Atualmente, o conte\u00fado org\u00e2nico est\u00e1 diretamente ligado a <strong>posicionamento<\/strong>. Ou seja, o p\u00fablico precisa entender rapidamente:<\/p>\n\n\n\n<ul class=\"wp-block-list\">\n<li><strong>Quem voc\u00ea \u00e9<\/strong><\/li>\n\n\n\n<li><strong>O que voc\u00ea faz<\/strong><\/li>\n\n\n\n<li><strong>Para quem voc\u00ea fala<\/strong><\/li>\n\n\n\n<li><strong>Por que confiar em voc\u00ea<\/strong><\/li>\n<\/ul>\n\n\n\n<p>Sem isso, o conte\u00fado at\u00e9 pode alcan\u00e7ar pessoas, mas n\u00e3o constr\u00f3i marca nem gera vendas.<\/p>\n\n\n\n<hr class=\"wp-block-separator has-alpha-channel-opacity\"\/>\n\n\n\n<h3 class=\"wp-block-heading\">Por outro lado: postar muito n\u00e3o garante crescimento<\/h3>\n\n\n\n<p>Apesar do senso comum, <strong>postar todos os dias sem estrat\u00e9gia n\u00e3o resolve<\/strong>. Em 2026, qualidade vence quantidade.<\/p>\n\n\n\n<p>Assim, marcas que analisam dados, ajustam formatos e entendem comportamento do p\u00fablico crescem mais r\u00e1pido do que aquelas que apenas seguem tend\u00eancias.<\/p>\n\n\n\n<hr class=\"wp-block-separator has-alpha-channel-opacity\"\/>\n\n\n\n<h3 class=\"wp-block-heading\">Em paralelo: conte\u00fado org\u00e2nico e vendas caminham juntos<\/h3>\n\n\n\n<p>Antigamente, org\u00e2nico era visto apenas como visibilidade. Hoje, ele faz parte do funil de vendas.<\/p>\n\n\n\n<p>Por exemplo, conte\u00fados org\u00e2nicos ajudam a:<\/p>\n\n\n\n<ul class=\"wp-block-list\">\n<li>Gerar reconhecimento<\/li>\n\n\n\n<li>Construir autoridade<\/li>\n\n\n\n<li>Criar relacionamento<\/li>\n\n\n\n<li>Preparar o p\u00fablico para a compra<\/li>\n<\/ul>\n\n\n\n<p>Consequentemente, quando o an\u00fancio aparece, a venda se torna mais f\u00e1cil.<\/p>\n\n\n\n<hr class=\"wp-block-separator has-alpha-channel-opacity\"\/>\n\n\n\n<h3 class=\"wp-block-heading\">Nesse sentido: o papel da autenticidade em 2026<\/h3>\n\n\n\n<p>Atualmente, o p\u00fablico valoriza <strong>marcas reais<\/strong>. Bastidores, hist\u00f3rias, erros e aprendizados geram mais conex\u00e3o do que produ\u00e7\u00f5es perfeitas.<\/p>\n\n\n\n<p>No cen\u00e1rio brasileiro, isso \u00e9 ainda mais evidente, pois pessoas confiam em pessoas, n\u00e3o em marcas frias.<\/p>\n\n\n\n<p>Assim, autenticidade se tornou um dos maiores ativos do conte\u00fado org\u00e2nico.<\/p>\n\n\n\n<hr class=\"wp-block-separator has-alpha-channel-opacity\"\/>\n\n\n\n<h3 class=\"wp-block-heading\">Al\u00e9m disso: o org\u00e2nico potencializa o tr\u00e1fego pago<\/h3>\n\n\n\n<p><strong>Mesmo quando h\u00e1 investimento em an\u00fancios<\/strong>, o conte\u00fado org\u00e2nico faz diferen\u00e7a. <strong>Perfis ativos<\/strong>, com conte\u00fado relevante, <strong>convertem melhor<\/strong> em campanhas pagas.<\/p>\n\n\n\n<p>Ou seja, o org\u00e2nico n\u00e3o concorre com o pago \u2014 ele potencializa.<\/p>\n\n\n\n<hr class=\"wp-block-separator has-alpha-channel-opacity\"\/>\n\n\n\n<h3 class=\"wp-block-heading\">Por outro lado: quem ignora o org\u00e2nico perde relev\u00e2ncia<\/h3>\n\n\n\n<p><strong>Empresas que abandonam o conte\u00fado org\u00e2nico<\/strong> se tornam dependentes de an\u00fancios. Como resultado, perdem autoridade, relacionamento e presen\u00e7a de marca.<\/p>\n\n\n\n<p>Em 2026, isso representa alto risco, principalmente em mercados competitivos.<\/p>\n\n\n\n<hr class=\"wp-block-separator has-alpha-channel-opacity\"\/>\n\n\n\n<h3 class=\"wp-block-heading\">Portanto: conte\u00fado org\u00e2nico n\u00e3o morreu, evoluiu<\/h3>\n\n\n\n<p>Em resumo, o conte\u00fado org\u00e2nico n\u00e3o morreu. Ele evoluiu para um modelo mais estrat\u00e9gico, humano e orientado a comportamento.<\/p>\n\n\n\n<p>Hoje, marcas que crescem nas redes sociais entendem algoritmo, p\u00fablico e posicionamento.<\/p>\n\n\n\n<hr class=\"wp-block-separator has-alpha-channel-opacity\"\/>\n\n\n\n<h3 class=\"wp-block-heading\">Por fim: estrat\u00e9gia transforma alcance em crescimento<\/h3>\n\n\n\n<p><strong>Se a sua marca quer crescer nas redes sociais em 2026<\/strong>, n\u00e3o basta postar. \u00c9 preciso ter estrat\u00e9gia, consist\u00eancia e posicionamento claro.<\/p>\n\n\n\n<p>Nesse cen\u00e1rio, o<a href=\"https:\/\/grupoix.com.br\/\" type=\"link\" id=\"https:\/\/grupoix.com.br\/\"> <strong>Grupo IX<\/strong><\/a> desenvolve estrat\u00e9gias completas de conte\u00fado org\u00e2nico, alinhadas aos algoritmos atuais e aos objetivos reais do neg\u00f3cio.<\/p>\n\n\n\n<p>Portanto, se voc\u00ea quer parar de depender da sorte e come\u00e7ar a crescer de forma previs\u00edvel nas redes sociais, <strong>o caminho \u00e9 estrat\u00e9gico e come\u00e7a agora<\/strong>.<\/p>\n\n\n\n<div class=\"wp-block-buttons is-layout-flex wp-block-buttons-is-layout-flex\">\n<div class=\"wp-block-button\"><a class=\"wp-block-button__link wp-element-button\" href=\"https:\/\/wa.link\/wvmctc\">Contrate uma assessoria especializada<\/a><\/div>\n<\/div>\n\n\n\n<figure class=\"wp-block-image size-large\"><img loading=\"lazy\" decoding=\"async\" width=\"1024\" height=\"768\" src=\"https:\/\/grupoix.com.br\/blog\/wp-content\/uploads\/2024\/08\/empresa-de-dados-marketing-digital-1024x768.jpg\" alt=\"Marketing digital\" class=\"wp-image-26438\" srcset=\"https:\/\/grupoix.com.br\/blog\/wp-content\/uploads\/2024\/08\/empresa-de-dados-marketing-digital-1024x768.jpg 1024w, https:\/\/grupoix.com.br\/blog\/wp-content\/uploads\/2024\/08\/empresa-de-dados-marketing-digital-300x225.jpg 300w, https:\/\/grupoix.com.br\/blog\/wp-content\/uploads\/2024\/08\/empresa-de-dados-marketing-digital-768x576.jpg 768w, https:\/\/grupoix.com.br\/blog\/wp-content\/uploads\/2024\/08\/empresa-de-dados-marketing-digital-1536x1152.jpg 1536w, https:\/\/grupoix.com.br\/blog\/wp-content\/uploads\/2024\/08\/empresa-de-dados-marketing-digital-2048x1536.jpg 2048w, https:\/\/grupoix.com.br\/blog\/wp-content\/uploads\/2024\/08\/empresa-de-dados-marketing-digital-432x324.jpg 432w\" sizes=\"auto, (max-width: 1024px) 100vw, 1024px\" \/><\/figure>\n","protected":false},"excerpt":{"rendered":"<p>Por que surgiu a ideia de que o org\u00e2nico morreu?<\/p>\n","protected":false},"author":5,"featured_media":26670,"comment_status":"closed","ping_status":"open","sticky":false,"template":"","format":"standard","meta":{"footnotes":""},"categories":[57,1,64],"tags":[],"class_list":["post-26595","post","type-post","status-publish","format-standard","has-post-thumbnail","hentry","category-estrategia-de-marketing-para-empresas","category-sem-categoria","category-trafego-organico","article","has-background","has-excerpt","has-avatar","has-author","has-date","has-comment-count","has-category-meta","has-read-more","has-post-media","thumbnail-"],"yoast_head":"<!-- This site is optimized with the Yoast SEO plugin v27.4 - https:\/\/yoast.com\/product\/yoast-seo-wordpress\/ -->\n<title>Conte\u00fado org\u00e2nico morreu? Como marcas est\u00e3o crescendo nas redes sociais em 2026<\/title>\n<meta name=\"description\" content=\"Por que surgiu a ideia de que o org\u00e2nico morreu?\" \/>\n<meta name=\"robots\" content=\"index, follow, max-snippet:-1, max-image-preview:large, max-video-preview:-1\" \/>\n<link rel=\"canonical\" href=\"https:\/\/grupoix.com.br\/blog\/2026\/03\/08\/conteudo-organico-morreu-como-marcas-estao-crescendo-nas-redes-sociais-em-2026\/\" \/>\n<meta property=\"og:locale\" content=\"pt_BR\" \/>\n<meta property=\"og:type\" content=\"article\" \/>\n<meta property=\"og:title\" content=\"Conte\u00fado org\u00e2nico morreu? Como marcas est\u00e3o crescendo nas redes sociais em 2026\" \/>\n<meta property=\"og:description\" content=\"Por que surgiu a ideia de que o org\u00e2nico morreu?\" \/>\n<meta property=\"og:url\" content=\"https:\/\/grupoix.com.br\/blog\/2026\/03\/08\/conteudo-organico-morreu-como-marcas-estao-crescendo-nas-redes-sociais-em-2026\/\" \/>\n<meta property=\"og:site_name\" content=\"Blog Grupo IX - Estrat\u00e9gias, dicas e not\u00edcias de marketing\" \/>\n<meta property=\"article:published_time\" content=\"2026-03-08T10:00:00+00:00\" \/>\n<meta property=\"og:image\" content=\"https:\/\/grupoix.com.br\/blog\/wp-content\/uploads\/2026\/03\/08.03.jpg\" \/>\n\t<meta property=\"og:image:width\" content=\"1280\" \/>\n\t<meta property=\"og:image:height\" content=\"720\" \/>\n\t<meta property=\"og:image:type\" content=\"image\/jpeg\" \/>\n<meta name=\"author\" content=\"Ana J\u00falia Mendes\" \/>\n<meta name=\"twitter:card\" content=\"summary_large_image\" \/>\n<meta name=\"twitter:label1\" content=\"Escrito por\" \/>\n\t<meta name=\"twitter:data1\" content=\"Ana J\u00falia Mendes\" \/>\n\t<meta name=\"twitter:label2\" content=\"Est. tempo de leitura\" \/>\n\t<meta name=\"twitter:data2\" content=\"5 minutos\" \/>\n<script type=\"application\/ld+json\" class=\"yoast-schema-graph\">{\"@context\":\"https:\\\/\\\/schema.org\",\"@graph\":[{\"@type\":\"Article\",\"@id\":\"https:\\\/\\\/grupoix.com.br\\\/blog\\\/2026\\\/03\\\/08\\\/conteudo-organico-morreu-como-marcas-estao-crescendo-nas-redes-sociais-em-2026\\\/#article\",\"isPartOf\":{\"@id\":\"https:\\\/\\\/grupoix.com.br\\\/blog\\\/2026\\\/03\\\/08\\\/conteudo-organico-morreu-como-marcas-estao-crescendo-nas-redes-sociais-em-2026\\\/\"},\"author\":{\"name\":\"Ana J\u00falia Mendes\",\"@id\":\"https:\\\/\\\/grupoix.com.br\\\/blog\\\/#\\\/schema\\\/person\\\/5b8abdd67a7f0292b218daa0cdf5544b\"},\"headline\":\"Conte\u00fado org\u00e2nico morreu? Como marcas est\u00e3o crescendo nas redes sociais em 2026\",\"datePublished\":\"2026-03-08T10:00:00+00:00\",\"mainEntityOfPage\":{\"@id\":\"https:\\\/\\\/grupoix.com.br\\\/blog\\\/2026\\\/03\\\/08\\\/conteudo-organico-morreu-como-marcas-estao-crescendo-nas-redes-sociais-em-2026\\\/\"},\"wordCount\":784,\"publisher\":{\"@id\":\"https:\\\/\\\/grupoix.com.br\\\/blog\\\/#organization\"},\"image\":{\"@id\":\"https:\\\/\\\/grupoix.com.br\\\/blog\\\/2026\\\/03\\\/08\\\/conteudo-organico-morreu-como-marcas-estao-crescendo-nas-redes-sociais-em-2026\\\/#primaryimage\"},\"thumbnailUrl\":\"https:\\\/\\\/grupoix.com.br\\\/blog\\\/wp-content\\\/uploads\\\/2026\\\/03\\\/08.03.jpg\",\"articleSection\":{\"0\":\"Estrat\u00e9gias\",\"2\":\"Tr\u00e1fego Org\u00e2nico\"},\"inLanguage\":\"pt-BR\"},{\"@type\":\"WebPage\",\"@id\":\"https:\\\/\\\/grupoix.com.br\\\/blog\\\/2026\\\/03\\\/08\\\/conteudo-organico-morreu-como-marcas-estao-crescendo-nas-redes-sociais-em-2026\\\/\",\"url\":\"https:\\\/\\\/grupoix.com.br\\\/blog\\\/2026\\\/03\\\/08\\\/conteudo-organico-morreu-como-marcas-estao-crescendo-nas-redes-sociais-em-2026\\\/\",\"name\":\"Conte\u00fado org\u00e2nico morreu? Como marcas est\u00e3o crescendo nas redes sociais em 2026\",\"isPartOf\":{\"@id\":\"https:\\\/\\\/grupoix.com.br\\\/blog\\\/#website\"},\"primaryImageOfPage\":{\"@id\":\"https:\\\/\\\/grupoix.com.br\\\/blog\\\/2026\\\/03\\\/08\\\/conteudo-organico-morreu-como-marcas-estao-crescendo-nas-redes-sociais-em-2026\\\/#primaryimage\"},\"image\":{\"@id\":\"https:\\\/\\\/grupoix.com.br\\\/blog\\\/2026\\\/03\\\/08\\\/conteudo-organico-morreu-como-marcas-estao-crescendo-nas-redes-sociais-em-2026\\\/#primaryimage\"},\"thumbnailUrl\":\"https:\\\/\\\/grupoix.com.br\\\/blog\\\/wp-content\\\/uploads\\\/2026\\\/03\\\/08.03.jpg\",\"datePublished\":\"2026-03-08T10:00:00+00:00\",\"description\":\"Por que surgiu a ideia de que o org\u00e2nico morreu?\",\"breadcrumb\":{\"@id\":\"https:\\\/\\\/grupoix.com.br\\\/blog\\\/2026\\\/03\\\/08\\\/conteudo-organico-morreu-como-marcas-estao-crescendo-nas-redes-sociais-em-2026\\\/#breadcrumb\"},\"inLanguage\":\"pt-BR\",\"potentialAction\":[{\"@type\":\"ReadAction\",\"target\":[\"https:\\\/\\\/grupoix.com.br\\\/blog\\\/2026\\\/03\\\/08\\\/conteudo-organico-morreu-como-marcas-estao-crescendo-nas-redes-sociais-em-2026\\\/\"]}]},{\"@type\":\"ImageObject\",\"inLanguage\":\"pt-BR\",\"@id\":\"https:\\\/\\\/grupoix.com.br\\\/blog\\\/2026\\\/03\\\/08\\\/conteudo-organico-morreu-como-marcas-estao-crescendo-nas-redes-sociais-em-2026\\\/#primaryimage\",\"url\":\"https:\\\/\\\/grupoix.com.br\\\/blog\\\/wp-content\\\/uploads\\\/2026\\\/03\\\/08.03.jpg\",\"contentUrl\":\"https:\\\/\\\/grupoix.com.br\\\/blog\\\/wp-content\\\/uploads\\\/2026\\\/03\\\/08.03.jpg\",\"width\":1280,\"height\":720},{\"@type\":\"BreadcrumbList\",\"@id\":\"https:\\\/\\\/grupoix.com.br\\\/blog\\\/2026\\\/03\\\/08\\\/conteudo-organico-morreu-como-marcas-estao-crescendo-nas-redes-sociais-em-2026\\\/#breadcrumb\",\"itemListElement\":[{\"@type\":\"ListItem\",\"position\":1,\"name\":\"In\u00edcio\",\"item\":\"https:\\\/\\\/grupoix.com.br\\\/blog\\\/\"},{\"@type\":\"ListItem\",\"position\":2,\"name\":\"Conte\u00fado org\u00e2nico morreu? Como marcas est\u00e3o crescendo nas redes sociais em 2026\"}]},{\"@type\":\"WebSite\",\"@id\":\"https:\\\/\\\/grupoix.com.br\\\/blog\\\/#website\",\"url\":\"https:\\\/\\\/grupoix.com.br\\\/blog\\\/\",\"name\":\"Blog Grupo IX - Estrat\u00e9gias, dicas e not\u00edcias de marketing\",\"description\":\"Acompanhe no Blog do Grupo IX insights, estrat\u00e9gias e not\u00edcias de marketing digital focadas em performance, vendas e crescimento real de neg\u00f3cios.\",\"publisher\":{\"@id\":\"https:\\\/\\\/grupoix.com.br\\\/blog\\\/#organization\"},\"potentialAction\":[{\"@type\":\"SearchAction\",\"target\":{\"@type\":\"EntryPoint\",\"urlTemplate\":\"https:\\\/\\\/grupoix.com.br\\\/blog\\\/?s={search_term_string}\"},\"query-input\":{\"@type\":\"PropertyValueSpecification\",\"valueRequired\":true,\"valueName\":\"search_term_string\"}}],\"inLanguage\":\"pt-BR\"},{\"@type\":\"Organization\",\"@id\":\"https:\\\/\\\/grupoix.com.br\\\/blog\\\/#organization\",\"name\":\"Blog Grupo IX - Estrat\u00e9gias, dicas e not\u00edcias de marketing\",\"url\":\"https:\\\/\\\/grupoix.com.br\\\/blog\\\/\",\"logo\":{\"@type\":\"ImageObject\",\"inLanguage\":\"pt-BR\",\"@id\":\"https:\\\/\\\/grupoix.com.br\\\/blog\\\/#\\\/schema\\\/logo\\\/image\\\/\",\"url\":\"https:\\\/\\\/grupoix.com.br\\\/blog\\\/wp-content\\\/uploads\\\/2025\\\/11\\\/logo_preta-1-scaled.webp\",\"contentUrl\":\"https:\\\/\\\/grupoix.com.br\\\/blog\\\/wp-content\\\/uploads\\\/2025\\\/11\\\/logo_preta-1-scaled.webp\",\"width\":2560,\"height\":530,\"caption\":\"Blog Grupo IX - Estrat\u00e9gias, dicas e not\u00edcias de marketing\"},\"image\":{\"@id\":\"https:\\\/\\\/grupoix.com.br\\\/blog\\\/#\\\/schema\\\/logo\\\/image\\\/\"}},{\"@type\":\"Person\",\"@id\":\"https:\\\/\\\/grupoix.com.br\\\/blog\\\/#\\\/schema\\\/person\\\/5b8abdd67a7f0292b218daa0cdf5544b\",\"name\":\"Ana J\u00falia Mendes\",\"image\":{\"@type\":\"ImageObject\",\"inLanguage\":\"pt-BR\",\"@id\":\"https:\\\/\\\/secure.gravatar.com\\\/avatar\\\/76667341c378f5cafa8fe2e4780e7a578a51a993c50839e3337fc7992218630e?s=96&d=mm&r=g\",\"url\":\"https:\\\/\\\/secure.gravatar.com\\\/avatar\\\/76667341c378f5cafa8fe2e4780e7a578a51a993c50839e3337fc7992218630e?s=96&d=mm&r=g\",\"contentUrl\":\"https:\\\/\\\/secure.gravatar.com\\\/avatar\\\/76667341c378f5cafa8fe2e4780e7a578a51a993c50839e3337fc7992218630e?s=96&d=mm&r=g\",\"caption\":\"Ana J\u00falia Mendes\"},\"url\":\"https:\\\/\\\/grupoix.com.br\\\/blog\\\/author\\\/ana-julia-mendes\\\/\"}]}<\/script>\n<!-- \/ Yoast SEO plugin. -->","yoast_head_json":{"title":"Conte\u00fado org\u00e2nico morreu? Como marcas est\u00e3o crescendo nas redes sociais em 2026","description":"Por que surgiu a ideia de que o org\u00e2nico morreu?","robots":{"index":"index","follow":"follow","max-snippet":"max-snippet:-1","max-image-preview":"max-image-preview:large","max-video-preview":"max-video-preview:-1"},"canonical":"https:\/\/grupoix.com.br\/blog\/2026\/03\/08\/conteudo-organico-morreu-como-marcas-estao-crescendo-nas-redes-sociais-em-2026\/","og_locale":"pt_BR","og_type":"article","og_title":"Conte\u00fado org\u00e2nico morreu? Como marcas est\u00e3o crescendo nas redes sociais em 2026","og_description":"Por que surgiu a ideia de que o org\u00e2nico morreu?","og_url":"https:\/\/grupoix.com.br\/blog\/2026\/03\/08\/conteudo-organico-morreu-como-marcas-estao-crescendo-nas-redes-sociais-em-2026\/","og_site_name":"Blog Grupo IX - Estrat\u00e9gias, dicas e not\u00edcias de marketing","article_published_time":"2026-03-08T10:00:00+00:00","og_image":[{"width":1280,"height":720,"url":"https:\/\/grupoix.com.br\/blog\/wp-content\/uploads\/2026\/03\/08.03.jpg","type":"image\/jpeg"}],"author":"Ana J\u00falia Mendes","twitter_card":"summary_large_image","twitter_misc":{"Escrito por":"Ana J\u00falia Mendes","Est. tempo de leitura":"5 minutos"},"schema":{"@context":"https:\/\/schema.org","@graph":[{"@type":"Article","@id":"https:\/\/grupoix.com.br\/blog\/2026\/03\/08\/conteudo-organico-morreu-como-marcas-estao-crescendo-nas-redes-sociais-em-2026\/#article","isPartOf":{"@id":"https:\/\/grupoix.com.br\/blog\/2026\/03\/08\/conteudo-organico-morreu-como-marcas-estao-crescendo-nas-redes-sociais-em-2026\/"},"author":{"name":"Ana J\u00falia Mendes","@id":"https:\/\/grupoix.com.br\/blog\/#\/schema\/person\/5b8abdd67a7f0292b218daa0cdf5544b"},"headline":"Conte\u00fado org\u00e2nico morreu? Como marcas est\u00e3o crescendo nas redes sociais em 2026","datePublished":"2026-03-08T10:00:00+00:00","mainEntityOfPage":{"@id":"https:\/\/grupoix.com.br\/blog\/2026\/03\/08\/conteudo-organico-morreu-como-marcas-estao-crescendo-nas-redes-sociais-em-2026\/"},"wordCount":784,"publisher":{"@id":"https:\/\/grupoix.com.br\/blog\/#organization"},"image":{"@id":"https:\/\/grupoix.com.br\/blog\/2026\/03\/08\/conteudo-organico-morreu-como-marcas-estao-crescendo-nas-redes-sociais-em-2026\/#primaryimage"},"thumbnailUrl":"https:\/\/grupoix.com.br\/blog\/wp-content\/uploads\/2026\/03\/08.03.jpg","articleSection":{"0":"Estrat\u00e9gias","2":"Tr\u00e1fego Org\u00e2nico"},"inLanguage":"pt-BR"},{"@type":"WebPage","@id":"https:\/\/grupoix.com.br\/blog\/2026\/03\/08\/conteudo-organico-morreu-como-marcas-estao-crescendo-nas-redes-sociais-em-2026\/","url":"https:\/\/grupoix.com.br\/blog\/2026\/03\/08\/conteudo-organico-morreu-como-marcas-estao-crescendo-nas-redes-sociais-em-2026\/","name":"Conte\u00fado org\u00e2nico morreu? Como marcas est\u00e3o crescendo nas redes sociais em 2026","isPartOf":{"@id":"https:\/\/grupoix.com.br\/blog\/#website"},"primaryImageOfPage":{"@id":"https:\/\/grupoix.com.br\/blog\/2026\/03\/08\/conteudo-organico-morreu-como-marcas-estao-crescendo-nas-redes-sociais-em-2026\/#primaryimage"},"image":{"@id":"https:\/\/grupoix.com.br\/blog\/2026\/03\/08\/conteudo-organico-morreu-como-marcas-estao-crescendo-nas-redes-sociais-em-2026\/#primaryimage"},"thumbnailUrl":"https:\/\/grupoix.com.br\/blog\/wp-content\/uploads\/2026\/03\/08.03.jpg","datePublished":"2026-03-08T10:00:00+00:00","description":"Por que surgiu a ideia de que o org\u00e2nico morreu?","breadcrumb":{"@id":"https:\/\/grupoix.com.br\/blog\/2026\/03\/08\/conteudo-organico-morreu-como-marcas-estao-crescendo-nas-redes-sociais-em-2026\/#breadcrumb"},"inLanguage":"pt-BR","potentialAction":[{"@type":"ReadAction","target":["https:\/\/grupoix.com.br\/blog\/2026\/03\/08\/conteudo-organico-morreu-como-marcas-estao-crescendo-nas-redes-sociais-em-2026\/"]}]},{"@type":"ImageObject","inLanguage":"pt-BR","@id":"https:\/\/grupoix.com.br\/blog\/2026\/03\/08\/conteudo-organico-morreu-como-marcas-estao-crescendo-nas-redes-sociais-em-2026\/#primaryimage","url":"https:\/\/grupoix.com.br\/blog\/wp-content\/uploads\/2026\/03\/08.03.jpg","contentUrl":"https:\/\/grupoix.com.br\/blog\/wp-content\/uploads\/2026\/03\/08.03.jpg","width":1280,"height":720},{"@type":"BreadcrumbList","@id":"https:\/\/grupoix.com.br\/blog\/2026\/03\/08\/conteudo-organico-morreu-como-marcas-estao-crescendo-nas-redes-sociais-em-2026\/#breadcrumb","itemListElement":[{"@type":"ListItem","position":1,"name":"In\u00edcio","item":"https:\/\/grupoix.com.br\/blog\/"},{"@type":"ListItem","position":2,"name":"Conte\u00fado org\u00e2nico morreu? Como marcas est\u00e3o crescendo nas redes sociais em 2026"}]},{"@type":"WebSite","@id":"https:\/\/grupoix.com.br\/blog\/#website","url":"https:\/\/grupoix.com.br\/blog\/","name":"Blog Grupo IX - Estrat\u00e9gias, dicas e not\u00edcias de marketing","description":"Acompanhe no Blog do Grupo IX insights, estrat\u00e9gias e not\u00edcias de marketing digital focadas em performance, vendas e crescimento real de neg\u00f3cios.","publisher":{"@id":"https:\/\/grupoix.com.br\/blog\/#organization"},"potentialAction":[{"@type":"SearchAction","target":{"@type":"EntryPoint","urlTemplate":"https:\/\/grupoix.com.br\/blog\/?s={search_term_string}"},"query-input":{"@type":"PropertyValueSpecification","valueRequired":true,"valueName":"search_term_string"}}],"inLanguage":"pt-BR"},{"@type":"Organization","@id":"https:\/\/grupoix.com.br\/blog\/#organization","name":"Blog Grupo IX - Estrat\u00e9gias, dicas e not\u00edcias de marketing","url":"https:\/\/grupoix.com.br\/blog\/","logo":{"@type":"ImageObject","inLanguage":"pt-BR","@id":"https:\/\/grupoix.com.br\/blog\/#\/schema\/logo\/image\/","url":"https:\/\/grupoix.com.br\/blog\/wp-content\/uploads\/2025\/11\/logo_preta-1-scaled.webp","contentUrl":"https:\/\/grupoix.com.br\/blog\/wp-content\/uploads\/2025\/11\/logo_preta-1-scaled.webp","width":2560,"height":530,"caption":"Blog Grupo IX - Estrat\u00e9gias, dicas e not\u00edcias de marketing"},"image":{"@id":"https:\/\/grupoix.com.br\/blog\/#\/schema\/logo\/image\/"}},{"@type":"Person","@id":"https:\/\/grupoix.com.br\/blog\/#\/schema\/person\/5b8abdd67a7f0292b218daa0cdf5544b","name":"Ana J\u00falia Mendes","image":{"@type":"ImageObject","inLanguage":"pt-BR","@id":"https:\/\/secure.gravatar.com\/avatar\/76667341c378f5cafa8fe2e4780e7a578a51a993c50839e3337fc7992218630e?s=96&d=mm&r=g","url":"https:\/\/secure.gravatar.com\/avatar\/76667341c378f5cafa8fe2e4780e7a578a51a993c50839e3337fc7992218630e?s=96&d=mm&r=g","contentUrl":"https:\/\/secure.gravatar.com\/avatar\/76667341c378f5cafa8fe2e4780e7a578a51a993c50839e3337fc7992218630e?s=96&d=mm&r=g","caption":"Ana J\u00falia Mendes"},"url":"https:\/\/grupoix.com.br\/blog\/author\/ana-julia-mendes\/"}]}},"_links":{"self":[{"href":"https:\/\/grupoix.com.br\/blog\/wp-json\/wp\/v2\/posts\/26595","targetHints":{"allow":["GET"]}}],"collection":[{"href":"https:\/\/grupoix.com.br\/blog\/wp-json\/wp\/v2\/posts"}],"about":[{"href":"https:\/\/grupoix.com.br\/blog\/wp-json\/wp\/v2\/types\/post"}],"author":[{"embeddable":true,"href":"https:\/\/grupoix.com.br\/blog\/wp-json\/wp\/v2\/users\/5"}],"replies":[{"embeddable":true,"href":"https:\/\/grupoix.com.br\/blog\/wp-json\/wp\/v2\/comments?post=26595"}],"version-history":[{"count":3,"href":"https:\/\/grupoix.com.br\/blog\/wp-json\/wp\/v2\/posts\/26595\/revisions"}],"predecessor-version":[{"id":26662,"href":"https:\/\/grupoix.com.br\/blog\/wp-json\/wp\/v2\/posts\/26595\/revisions\/26662"}],"wp:featuredmedia":[{"embeddable":true,"href":"https:\/\/grupoix.com.br\/blog\/wp-json\/wp\/v2\/media\/26670"}],"wp:attachment":[{"href":"https:\/\/grupoix.com.br\/blog\/wp-json\/wp\/v2\/media?parent=26595"}],"wp:term":[{"taxonomy":"category","embeddable":true,"href":"https:\/\/grupoix.com.br\/blog\/wp-json\/wp\/v2\/categories?post=26595"},{"taxonomy":"post_tag","embeddable":true,"href":"https:\/\/grupoix.com.br\/blog\/wp-json\/wp\/v2\/tags?post=26595"}],"curies":[{"name":"wp","href":"https:\/\/api.w.org\/{rel}","templated":true}]}}